{"id":687,"date":"2025-01-02T17:42:22","date_gmt":"2025-01-02T16:42:22","guid":{"rendered":"http:\/\/www.nutrizione-prevenzione.it\/fb\/?p=687"},"modified":"2025-01-02T17:42:30","modified_gmt":"2025-01-02T16:42:30","slug":"dieta-funzionale","status":"publish","type":"post","link":"https:\/\/www.nutrizione-prevenzione.it\/fb\/2025\/01\/02\/dieta-funzionale\/","title":{"rendered":"DIETA FUNZIONALE"},"content":{"rendered":"\n<p>La DIETA FUNZIONALE basata sul DNA \u00e8 un approccio personalizzato alla nutrizione che sfrutta le informazioni genetiche di un individuo per creare un piano alimentare ottimizzato per le sue esigenze biologiche. Questo tipo di dieta si basa su test genetici che analizzano il DNA per identificare varianti genetiche (polimorfismi) che possono influenzare aspetti chiave della salute e del metabolismo.<\/p>\n\n\n\n<p>Vantaggi: Rispetto alle diete standard, \u00e8 molto pi\u00f9 mirata e tiene conto delle peculiarit\u00e0 genetiche individuali. Aiuta a identificare e prevenire potenziali problemi di salute in modo proattivo. Pu\u00f2 essere aggiornata in base ai cambiamenti delle esigenze personali o agli obiettivi di salute.<\/p>\n","protected":false},"excerpt":{"rendered":"<p>La DIETA FUNZIONALE basata sul DNA \u00e8 un approccio personalizzato alla nutrizione che sfrutta le informazioni genetiche di un individuo per creare un piano alimentare ottimizzato per le sue esigenze biologiche. Questo tipo di dieta si basa su test genetici che analizzano il DNA per identificare varianti genetiche (polimorfismi) che possono influenzare aspetti chiave della&hellip; <a class=\"more-link\" href=\"https:\/\/www.nutrizione-prevenzione.it\/fb\/2025\/01\/02\/dieta-funzionale\/\">Continua a leggere <span class=\"screen-reader-text\">DIETA FUNZIONALE<\/span><\/a><\/p>\n","protected":false},"author":1,"featured_media":0,"comment_status":"open","ping_status":"open","sticky":false,"template":"","format":"standard","meta":{"footnotes":""},"categories":[1],"tags":[],"class_list":["post-687","post","type-post","status-publish","format-standard","hentry","category-senza-categoria","entry"],"yoast_head":"<!-- This site is optimized with the Yoast SEO plugin v27.4 - https:\/\/yoast.com\/product\/yoast-seo-wordpress\/ -->\n<title>DIETA FUNZIONALE - Studio di Dietetica e Nutrizione<\/title>\n<meta name=\"robots\" content=\"index, follow, max-snippet:-1, max-image-preview:large, max-video-preview:-1\" \/>\n<link rel=\"canonical\" href=\"https:\/\/www.nutrizione-prevenzione.it\/fb\/2025\/01\/02\/dieta-funzionale\/\" \/>\n<meta property=\"og:locale\" content=\"it_IT\" \/>\n<meta property=\"og:type\" content=\"article\" \/>\n<meta property=\"og:title\" content=\"DIETA FUNZIONALE - Studio di Dietetica e Nutrizione\" \/>\n<meta property=\"og:description\" content=\"La DIETA FUNZIONALE basata sul DNA \u00e8 un approccio personalizzato alla nutrizione che sfrutta le informazioni genetiche di un individuo per creare un piano alimentare ottimizzato per le sue esigenze biologiche. Questo tipo di dieta si basa su test genetici che analizzano il DNA per identificare varianti genetiche (polimorfismi) che possono influenzare aspetti chiave della&hellip; Continua a leggere DIETA FUNZIONALE\" \/>\n<meta property=\"og:url\" content=\"https:\/\/www.nutrizione-prevenzione.it\/fb\/2025\/01\/02\/dieta-funzionale\/\" \/>\n<meta property=\"og:site_name\" content=\"Studio di Dietetica e Nutrizione\" \/>\n<meta property=\"article:publisher\" content=\"https:\/\/www.facebook.com\/nutrizionistalucca\" \/>\n<meta property=\"article:published_time\" content=\"2025-01-02T16:42:22+00:00\" \/>\n<meta property=\"article:modified_time\" content=\"2025-01-02T16:42:30+00:00\" \/>\n<meta name=\"author\" content=\"Franco Dott. Bardini\" \/>\n<meta name=\"twitter:card\" content=\"summary_large_image\" \/>\n<meta name=\"twitter:label1\" content=\"Scritto da\" \/>\n\t<meta name=\"twitter:data1\" content=\"Franco Dott. Bardini\" \/>\n\t<meta name=\"twitter:label2\" content=\"Tempo di lettura stimato\" \/>\n\t<meta name=\"twitter:data2\" content=\"1 minuto\" \/>\n<script type=\"application\/ld+json\" class=\"yoast-schema-graph\">{\"@context\":\"https:\\\/\\\/schema.org\",\"@graph\":[{\"@type\":\"Article\",\"@id\":\"https:\\\/\\\/www.nutrizione-prevenzione.it\\\/fb\\\/2025\\\/01\\\/02\\\/dieta-funzionale\\\/#article\",\"isPartOf\":{\"@id\":\"https:\\\/\\\/www.nutrizione-prevenzione.it\\\/fb\\\/2025\\\/01\\\/02\\\/dieta-funzionale\\\/\"},\"author\":{\"name\":\"Franco Dott. Bardini\",\"@id\":\"https:\\\/\\\/www.nutrizione-prevenzione.it\\\/fb\\\/#\\\/schema\\\/person\\\/1979796b9bde4351ffd9a8118fef1d6d\"},\"headline\":\"DIETA FUNZIONALE\",\"datePublished\":\"2025-01-02T16:42:22+00:00\",\"dateModified\":\"2025-01-02T16:42:30+00:00\",\"mainEntityOfPage\":{\"@id\":\"https:\\\/\\\/www.nutrizione-prevenzione.it\\\/fb\\\/2025\\\/01\\\/02\\\/dieta-funzionale\\\/\"},\"wordCount\":102,\"commentCount\":0,\"inLanguage\":\"it-IT\",\"potentialAction\":[{\"@type\":\"CommentAction\",\"name\":\"Comment\",\"target\":[\"https:\\\/\\\/www.nutrizione-prevenzione.it\\\/fb\\\/2025\\\/01\\\/02\\\/dieta-funzionale\\\/#respond\"]}]},{\"@type\":\"WebPage\",\"@id\":\"https:\\\/\\\/www.nutrizione-prevenzione.it\\\/fb\\\/2025\\\/01\\\/02\\\/dieta-funzionale\\\/\",\"url\":\"https:\\\/\\\/www.nutrizione-prevenzione.it\\\/fb\\\/2025\\\/01\\\/02\\\/dieta-funzionale\\\/\",\"name\":\"DIETA FUNZIONALE - Studio di Dietetica e Nutrizione\",\"isPartOf\":{\"@id\":\"https:\\\/\\\/www.nutrizione-prevenzione.it\\\/fb\\\/#website\"},\"datePublished\":\"2025-01-02T16:42:22+00:00\",\"dateModified\":\"2025-01-02T16:42:30+00:00\",\"author\":{\"@id\":\"https:\\\/\\\/www.nutrizione-prevenzione.it\\\/fb\\\/#\\\/schema\\\/person\\\/1979796b9bde4351ffd9a8118fef1d6d\"},\"breadcrumb\":{\"@id\":\"https:\\\/\\\/www.nutrizione-prevenzione.it\\\/fb\\\/2025\\\/01\\\/02\\\/dieta-funzionale\\\/#breadcrumb\"},\"inLanguage\":\"it-IT\",\"potentialAction\":[{\"@type\":\"ReadAction\",\"target\":[\"https:\\\/\\\/www.nutrizione-prevenzione.it\\\/fb\\\/2025\\\/01\\\/02\\\/dieta-funzionale\\\/\"]}]},{\"@type\":\"BreadcrumbList\",\"@id\":\"https:\\\/\\\/www.nutrizione-prevenzione.it\\\/fb\\\/2025\\\/01\\\/02\\\/dieta-funzionale\\\/#breadcrumb\",\"itemListElement\":[{\"@type\":\"ListItem\",\"position\":1,\"name\":\"Home\",\"item\":\"https:\\\/\\\/www.nutrizione-prevenzione.it\\\/fb\\\/\"},{\"@type\":\"ListItem\",\"position\":2,\"name\":\"DIETA FUNZIONALE\"}]},{\"@type\":\"WebSite\",\"@id\":\"https:\\\/\\\/www.nutrizione-prevenzione.it\\\/fb\\\/#website\",\"url\":\"https:\\\/\\\/www.nutrizione-prevenzione.it\\\/fb\\\/\",\"name\":\"Studio di Dietetica e Nutrizione\",\"description\":\"(il segreto per costruire insieme la salute)\",\"potentialAction\":[{\"@type\":\"SearchAction\",\"target\":{\"@type\":\"EntryPoint\",\"urlTemplate\":\"https:\\\/\\\/www.nutrizione-prevenzione.it\\\/fb\\\/?s={search_term_string}\"},\"query-input\":{\"@type\":\"PropertyValueSpecification\",\"valueRequired\":true,\"valueName\":\"search_term_string\"}}],\"inLanguage\":\"it-IT\"},{\"@type\":\"Person\",\"@id\":\"https:\\\/\\\/www.nutrizione-prevenzione.it\\\/fb\\\/#\\\/schema\\\/person\\\/1979796b9bde4351ffd9a8118fef1d6d\",\"name\":\"Franco Dott. Bardini\",\"image\":{\"@type\":\"ImageObject\",\"inLanguage\":\"it-IT\",\"@id\":\"https:\\\/\\\/secure.gravatar.com\\\/avatar\\\/34a1192208599d36c7d7d714ea08b007aa1ac6a6936cc23420fdbf0f40f18491?s=96&d=mm&r=g\",\"url\":\"https:\\\/\\\/secure.gravatar.com\\\/avatar\\\/34a1192208599d36c7d7d714ea08b007aa1ac6a6936cc23420fdbf0f40f18491?s=96&d=mm&r=g\",\"contentUrl\":\"https:\\\/\\\/secure.gravatar.com\\\/avatar\\\/34a1192208599d36c7d7d714ea08b007aa1ac6a6936cc23420fdbf0f40f18491?s=96&d=mm&r=g\",\"caption\":\"Franco Dott. Bardini\"},\"url\":\"https:\\\/\\\/www.nutrizione-prevenzione.it\\\/fb\\\/author\\\/franco-dott-bardini\\\/\"}]}<\/script>\n<!-- \/ Yoast SEO plugin. -->","yoast_head_json":{"title":"DIETA FUNZIONALE - Studio di Dietetica e Nutrizione","robots":{"index":"index","follow":"follow","max-snippet":"max-snippet:-1","max-image-preview":"max-image-preview:large","max-video-preview":"max-video-preview:-1"},"canonical":"https:\/\/www.nutrizione-prevenzione.it\/fb\/2025\/01\/02\/dieta-funzionale\/","og_locale":"it_IT","og_type":"article","og_title":"DIETA FUNZIONALE - Studio di Dietetica e Nutrizione","og_description":"La DIETA FUNZIONALE basata sul DNA \u00e8 un approccio personalizzato alla nutrizione che sfrutta le informazioni genetiche di un individuo per creare un piano alimentare ottimizzato per le sue esigenze biologiche. Questo tipo di dieta si basa su test genetici che analizzano il DNA per identificare varianti genetiche (polimorfismi) che possono influenzare aspetti chiave della&hellip; Continua a leggere DIETA FUNZIONALE","og_url":"https:\/\/www.nutrizione-prevenzione.it\/fb\/2025\/01\/02\/dieta-funzionale\/","og_site_name":"Studio di Dietetica e Nutrizione","article_publisher":"https:\/\/www.facebook.com\/nutrizionistalucca","article_published_time":"2025-01-02T16:42:22+00:00","article_modified_time":"2025-01-02T16:42:30+00:00","author":"Franco Dott. Bardini","twitter_card":"summary_large_image","twitter_misc":{"Scritto da":"Franco Dott. Bardini","Tempo di lettura stimato":"1 minuto"},"schema":{"@context":"https:\/\/schema.org","@graph":[{"@type":"Article","@id":"https:\/\/www.nutrizione-prevenzione.it\/fb\/2025\/01\/02\/dieta-funzionale\/#article","isPartOf":{"@id":"https:\/\/www.nutrizione-prevenzione.it\/fb\/2025\/01\/02\/dieta-funzionale\/"},"author":{"name":"Franco Dott. Bardini","@id":"https:\/\/www.nutrizione-prevenzione.it\/fb\/#\/schema\/person\/1979796b9bde4351ffd9a8118fef1d6d"},"headline":"DIETA FUNZIONALE","datePublished":"2025-01-02T16:42:22+00:00","dateModified":"2025-01-02T16:42:30+00:00","mainEntityOfPage":{"@id":"https:\/\/www.nutrizione-prevenzione.it\/fb\/2025\/01\/02\/dieta-funzionale\/"},"wordCount":102,"commentCount":0,"inLanguage":"it-IT","potentialAction":[{"@type":"CommentAction","name":"Comment","target":["https:\/\/www.nutrizione-prevenzione.it\/fb\/2025\/01\/02\/dieta-funzionale\/#respond"]}]},{"@type":"WebPage","@id":"https:\/\/www.nutrizione-prevenzione.it\/fb\/2025\/01\/02\/dieta-funzionale\/","url":"https:\/\/www.nutrizione-prevenzione.it\/fb\/2025\/01\/02\/dieta-funzionale\/","name":"DIETA FUNZIONALE - Studio di Dietetica e Nutrizione","isPartOf":{"@id":"https:\/\/www.nutrizione-prevenzione.it\/fb\/#website"},"datePublished":"2025-01-02T16:42:22+00:00","dateModified":"2025-01-02T16:42:30+00:00","author":{"@id":"https:\/\/www.nutrizione-prevenzione.it\/fb\/#\/schema\/person\/1979796b9bde4351ffd9a8118fef1d6d"},"breadcrumb":{"@id":"https:\/\/www.nutrizione-prevenzione.it\/fb\/2025\/01\/02\/dieta-funzionale\/#breadcrumb"},"inLanguage":"it-IT","potentialAction":[{"@type":"ReadAction","target":["https:\/\/www.nutrizione-prevenzione.it\/fb\/2025\/01\/02\/dieta-funzionale\/"]}]},{"@type":"BreadcrumbList","@id":"https:\/\/www.nutrizione-prevenzione.it\/fb\/2025\/01\/02\/dieta-funzionale\/#breadcrumb","itemListElement":[{"@type":"ListItem","position":1,"name":"Home","item":"https:\/\/www.nutrizione-prevenzione.it\/fb\/"},{"@type":"ListItem","position":2,"name":"DIETA FUNZIONALE"}]},{"@type":"WebSite","@id":"https:\/\/www.nutrizione-prevenzione.it\/fb\/#website","url":"https:\/\/www.nutrizione-prevenzione.it\/fb\/","name":"Studio di Dietetica e Nutrizione","description":"(il segreto per costruire insieme la salute)","potentialAction":[{"@type":"SearchAction","target":{"@type":"EntryPoint","urlTemplate":"https:\/\/www.nutrizione-prevenzione.it\/fb\/?s={search_term_string}"},"query-input":{"@type":"PropertyValueSpecification","valueRequired":true,"valueName":"search_term_string"}}],"inLanguage":"it-IT"},{"@type":"Person","@id":"https:\/\/www.nutrizione-prevenzione.it\/fb\/#\/schema\/person\/1979796b9bde4351ffd9a8118fef1d6d","name":"Franco Dott. Bardini","image":{"@type":"ImageObject","inLanguage":"it-IT","@id":"https:\/\/secure.gravatar.com\/avatar\/34a1192208599d36c7d7d714ea08b007aa1ac6a6936cc23420fdbf0f40f18491?s=96&d=mm&r=g","url":"https:\/\/secure.gravatar.com\/avatar\/34a1192208599d36c7d7d714ea08b007aa1ac6a6936cc23420fdbf0f40f18491?s=96&d=mm&r=g","contentUrl":"https:\/\/secure.gravatar.com\/avatar\/34a1192208599d36c7d7d714ea08b007aa1ac6a6936cc23420fdbf0f40f18491?s=96&d=mm&r=g","caption":"Franco Dott. Bardini"},"url":"https:\/\/www.nutrizione-prevenzione.it\/fb\/author\/franco-dott-bardini\/"}]}},"_links":{"self":[{"href":"https:\/\/www.nutrizione-prevenzione.it\/fb\/wp-json\/wp\/v2\/posts\/687","targetHints":{"allow":["GET"]}}],"collection":[{"href":"https:\/\/www.nutrizione-prevenzione.it\/fb\/wp-json\/wp\/v2\/posts"}],"about":[{"href":"https:\/\/www.nutrizione-prevenzione.it\/fb\/wp-json\/wp\/v2\/types\/post"}],"author":[{"embeddable":true,"href":"https:\/\/www.nutrizione-prevenzione.it\/fb\/wp-json\/wp\/v2\/users\/1"}],"replies":[{"embeddable":true,"href":"https:\/\/www.nutrizione-prevenzione.it\/fb\/wp-json\/wp\/v2\/comments?post=687"}],"version-history":[{"count":1,"href":"https:\/\/www.nutrizione-prevenzione.it\/fb\/wp-json\/wp\/v2\/posts\/687\/revisions"}],"predecessor-version":[{"id":688,"href":"https:\/\/www.nutrizione-prevenzione.it\/fb\/wp-json\/wp\/v2\/posts\/687\/revisions\/688"}],"wp:attachment":[{"href":"https:\/\/www.nutrizione-prevenzione.it\/fb\/wp-json\/wp\/v2\/media?parent=687"}],"wp:term":[{"taxonomy":"category","embeddable":true,"href":"https:\/\/www.nutrizione-prevenzione.it\/fb\/wp-json\/wp\/v2\/categories?post=687"},{"taxonomy":"post_tag","embeddable":true,"href":"https:\/\/www.nutrizione-prevenzione.it\/fb\/wp-json\/wp\/v2\/tags?post=687"}],"curies":[{"name":"wp","href":"https:\/\/api.w.org\/{rel}","templated":true}]}}