{"id":680,"date":"2025-01-02T16:27:13","date_gmt":"2025-01-02T15:27:13","guid":{"rendered":"http:\/\/www.nutrizione-prevenzione.it\/fb\/?p=680"},"modified":"2025-01-02T16:27:21","modified_gmt":"2025-01-02T15:27:21","slug":"il-gene-fto","status":"publish","type":"post","link":"https:\/\/www.nutrizione-prevenzione.it\/fb\/2025\/01\/02\/il-gene-fto\/","title":{"rendered":"Il gene FTO"},"content":{"rendered":"\n<p>Il gene FTO (Fat mass and obesity-associated gene) \u00e8 uno dei geni pi\u00f9 studiati in relazione alla regolazione del peso corporeo e al rischio di obesit\u00e0. \u00c8 noto per influenzare il metabolismo, l&#8217;appetito e la composizione corporea attraverso il suo effetto sul bilancio energetico e sulla preferenza alimentare. Le persone con varianti a rischio del gene FTO possono beneficiare di strategie dietetiche personalizzate per gestire il peso e migliorare il benessere metabolico. Il gene FTO \u00e8 un fattore importante nella predisposizione genetica all&#8217;obesit\u00e0, ma non \u00e8 un destino immutabile. Attraverso interventi mirati su dieta, attivit\u00e0 fisica e stile di vita, \u00e8 possibile mitigare gli effetti delle varianti a rischio e raggiungere un peso corporeo sano.<\/p>\n","protected":false},"excerpt":{"rendered":"<p>Il gene FTO (Fat mass and obesity-associated gene) \u00e8 uno dei geni pi\u00f9 studiati in relazione alla regolazione del peso corporeo e al rischio di obesit\u00e0. \u00c8 noto per influenzare il metabolismo, l&#8217;appetito e la composizione corporea attraverso il suo effetto sul bilancio energetico e sulla preferenza alimentare. Le persone con varianti a rischio del&hellip; <a class=\"more-link\" href=\"https:\/\/www.nutrizione-prevenzione.it\/fb\/2025\/01\/02\/il-gene-fto\/\">Continua a leggere <span class=\"screen-reader-text\">Il gene FTO<\/span><\/a><\/p>\n","protected":false},"author":1,"featured_media":0,"comment_status":"open","ping_status":"open","sticky":false,"template":"","format":"standard","meta":{"footnotes":""},"categories":[1],"tags":[],"class_list":["post-680","post","type-post","status-publish","format-standard","hentry","category-senza-categoria","entry"],"yoast_head":"<!-- This site is optimized with the Yoast SEO plugin v27.4 - https:\/\/yoast.com\/product\/yoast-seo-wordpress\/ -->\n<title>Il gene FTO - Studio di Dietetica e Nutrizione<\/title>\n<meta name=\"robots\" content=\"index, follow, max-snippet:-1, max-image-preview:large, max-video-preview:-1\" \/>\n<link rel=\"canonical\" href=\"https:\/\/www.nutrizione-prevenzione.it\/fb\/2025\/01\/02\/il-gene-fto\/\" \/>\n<meta property=\"og:locale\" content=\"it_IT\" \/>\n<meta property=\"og:type\" content=\"article\" \/>\n<meta property=\"og:title\" content=\"Il gene FTO - Studio di Dietetica e Nutrizione\" \/>\n<meta property=\"og:description\" content=\"Il gene FTO (Fat mass and obesity-associated gene) \u00e8 uno dei geni pi\u00f9 studiati in relazione alla regolazione del peso corporeo e al rischio di obesit\u00e0. \u00c8 noto per influenzare il metabolismo, l&#8217;appetito e la composizione corporea attraverso il suo effetto sul bilancio energetico e sulla preferenza alimentare. Le persone con varianti a rischio del&hellip; Continua a leggere Il gene FTO\" \/>\n<meta property=\"og:url\" content=\"https:\/\/www.nutrizione-prevenzione.it\/fb\/2025\/01\/02\/il-gene-fto\/\" \/>\n<meta property=\"og:site_name\" content=\"Studio di Dietetica e Nutrizione\" \/>\n<meta property=\"article:publisher\" content=\"https:\/\/www.facebook.com\/nutrizionistalucca\" \/>\n<meta property=\"article:published_time\" content=\"2025-01-02T15:27:13+00:00\" \/>\n<meta property=\"article:modified_time\" content=\"2025-01-02T15:27:21+00:00\" \/>\n<meta name=\"author\" content=\"Franco Dott. Bardini\" \/>\n<meta name=\"twitter:card\" content=\"summary_large_image\" \/>\n<meta name=\"twitter:label1\" content=\"Scritto da\" \/>\n\t<meta name=\"twitter:data1\" content=\"Franco Dott. Bardini\" \/>\n\t<meta name=\"twitter:label2\" content=\"Tempo di lettura stimato\" \/>\n\t<meta name=\"twitter:data2\" content=\"1 minuto\" \/>\n<script type=\"application\/ld+json\" class=\"yoast-schema-graph\">{\"@context\":\"https:\\\/\\\/schema.org\",\"@graph\":[{\"@type\":\"Article\",\"@id\":\"https:\\\/\\\/www.nutrizione-prevenzione.it\\\/fb\\\/2025\\\/01\\\/02\\\/il-gene-fto\\\/#article\",\"isPartOf\":{\"@id\":\"https:\\\/\\\/www.nutrizione-prevenzione.it\\\/fb\\\/2025\\\/01\\\/02\\\/il-gene-fto\\\/\"},\"author\":{\"name\":\"Franco Dott. Bardini\",\"@id\":\"https:\\\/\\\/www.nutrizione-prevenzione.it\\\/fb\\\/#\\\/schema\\\/person\\\/1979796b9bde4351ffd9a8118fef1d6d\"},\"headline\":\"Il gene FTO\",\"datePublished\":\"2025-01-02T15:27:13+00:00\",\"dateModified\":\"2025-01-02T15:27:21+00:00\",\"mainEntityOfPage\":{\"@id\":\"https:\\\/\\\/www.nutrizione-prevenzione.it\\\/fb\\\/2025\\\/01\\\/02\\\/il-gene-fto\\\/\"},\"wordCount\":115,\"commentCount\":0,\"inLanguage\":\"it-IT\",\"potentialAction\":[{\"@type\":\"CommentAction\",\"name\":\"Comment\",\"target\":[\"https:\\\/\\\/www.nutrizione-prevenzione.it\\\/fb\\\/2025\\\/01\\\/02\\\/il-gene-fto\\\/#respond\"]}]},{\"@type\":\"WebPage\",\"@id\":\"https:\\\/\\\/www.nutrizione-prevenzione.it\\\/fb\\\/2025\\\/01\\\/02\\\/il-gene-fto\\\/\",\"url\":\"https:\\\/\\\/www.nutrizione-prevenzione.it\\\/fb\\\/2025\\\/01\\\/02\\\/il-gene-fto\\\/\",\"name\":\"Il gene FTO - Studio di Dietetica e Nutrizione\",\"isPartOf\":{\"@id\":\"https:\\\/\\\/www.nutrizione-prevenzione.it\\\/fb\\\/#website\"},\"datePublished\":\"2025-01-02T15:27:13+00:00\",\"dateModified\":\"2025-01-02T15:27:21+00:00\",\"author\":{\"@id\":\"https:\\\/\\\/www.nutrizione-prevenzione.it\\\/fb\\\/#\\\/schema\\\/person\\\/1979796b9bde4351ffd9a8118fef1d6d\"},\"breadcrumb\":{\"@id\":\"https:\\\/\\\/www.nutrizione-prevenzione.it\\\/fb\\\/2025\\\/01\\\/02\\\/il-gene-fto\\\/#breadcrumb\"},\"inLanguage\":\"it-IT\",\"potentialAction\":[{\"@type\":\"ReadAction\",\"target\":[\"https:\\\/\\\/www.nutrizione-prevenzione.it\\\/fb\\\/2025\\\/01\\\/02\\\/il-gene-fto\\\/\"]}]},{\"@type\":\"BreadcrumbList\",\"@id\":\"https:\\\/\\\/www.nutrizione-prevenzione.it\\\/fb\\\/2025\\\/01\\\/02\\\/il-gene-fto\\\/#breadcrumb\",\"itemListElement\":[{\"@type\":\"ListItem\",\"position\":1,\"name\":\"Home\",\"item\":\"https:\\\/\\\/www.nutrizione-prevenzione.it\\\/fb\\\/\"},{\"@type\":\"ListItem\",\"position\":2,\"name\":\"Il gene FTO\"}]},{\"@type\":\"WebSite\",\"@id\":\"https:\\\/\\\/www.nutrizione-prevenzione.it\\\/fb\\\/#website\",\"url\":\"https:\\\/\\\/www.nutrizione-prevenzione.it\\\/fb\\\/\",\"name\":\"Studio di Dietetica e Nutrizione\",\"description\":\"(il segreto per costruire insieme la salute)\",\"potentialAction\":[{\"@type\":\"SearchAction\",\"target\":{\"@type\":\"EntryPoint\",\"urlTemplate\":\"https:\\\/\\\/www.nutrizione-prevenzione.it\\\/fb\\\/?s={search_term_string}\"},\"query-input\":{\"@type\":\"PropertyValueSpecification\",\"valueRequired\":true,\"valueName\":\"search_term_string\"}}],\"inLanguage\":\"it-IT\"},{\"@type\":\"Person\",\"@id\":\"https:\\\/\\\/www.nutrizione-prevenzione.it\\\/fb\\\/#\\\/schema\\\/person\\\/1979796b9bde4351ffd9a8118fef1d6d\",\"name\":\"Franco Dott. Bardini\",\"image\":{\"@type\":\"ImageObject\",\"inLanguage\":\"it-IT\",\"@id\":\"https:\\\/\\\/secure.gravatar.com\\\/avatar\\\/34a1192208599d36c7d7d714ea08b007aa1ac6a6936cc23420fdbf0f40f18491?s=96&d=mm&r=g\",\"url\":\"https:\\\/\\\/secure.gravatar.com\\\/avatar\\\/34a1192208599d36c7d7d714ea08b007aa1ac6a6936cc23420fdbf0f40f18491?s=96&d=mm&r=g\",\"contentUrl\":\"https:\\\/\\\/secure.gravatar.com\\\/avatar\\\/34a1192208599d36c7d7d714ea08b007aa1ac6a6936cc23420fdbf0f40f18491?s=96&d=mm&r=g\",\"caption\":\"Franco Dott. Bardini\"},\"url\":\"https:\\\/\\\/www.nutrizione-prevenzione.it\\\/fb\\\/author\\\/franco-dott-bardini\\\/\"}]}<\/script>\n<!-- \/ Yoast SEO plugin. -->","yoast_head_json":{"title":"Il gene FTO - Studio di Dietetica e Nutrizione","robots":{"index":"index","follow":"follow","max-snippet":"max-snippet:-1","max-image-preview":"max-image-preview:large","max-video-preview":"max-video-preview:-1"},"canonical":"https:\/\/www.nutrizione-prevenzione.it\/fb\/2025\/01\/02\/il-gene-fto\/","og_locale":"it_IT","og_type":"article","og_title":"Il gene FTO - Studio di Dietetica e Nutrizione","og_description":"Il gene FTO (Fat mass and obesity-associated gene) \u00e8 uno dei geni pi\u00f9 studiati in relazione alla regolazione del peso corporeo e al rischio di obesit\u00e0. \u00c8 noto per influenzare il metabolismo, l&#8217;appetito e la composizione corporea attraverso il suo effetto sul bilancio energetico e sulla preferenza alimentare. Le persone con varianti a rischio del&hellip; Continua a leggere Il gene FTO","og_url":"https:\/\/www.nutrizione-prevenzione.it\/fb\/2025\/01\/02\/il-gene-fto\/","og_site_name":"Studio di Dietetica e Nutrizione","article_publisher":"https:\/\/www.facebook.com\/nutrizionistalucca","article_published_time":"2025-01-02T15:27:13+00:00","article_modified_time":"2025-01-02T15:27:21+00:00","author":"Franco Dott. Bardini","twitter_card":"summary_large_image","twitter_misc":{"Scritto da":"Franco Dott. Bardini","Tempo di lettura stimato":"1 minuto"},"schema":{"@context":"https:\/\/schema.org","@graph":[{"@type":"Article","@id":"https:\/\/www.nutrizione-prevenzione.it\/fb\/2025\/01\/02\/il-gene-fto\/#article","isPartOf":{"@id":"https:\/\/www.nutrizione-prevenzione.it\/fb\/2025\/01\/02\/il-gene-fto\/"},"author":{"name":"Franco Dott. Bardini","@id":"https:\/\/www.nutrizione-prevenzione.it\/fb\/#\/schema\/person\/1979796b9bde4351ffd9a8118fef1d6d"},"headline":"Il gene FTO","datePublished":"2025-01-02T15:27:13+00:00","dateModified":"2025-01-02T15:27:21+00:00","mainEntityOfPage":{"@id":"https:\/\/www.nutrizione-prevenzione.it\/fb\/2025\/01\/02\/il-gene-fto\/"},"wordCount":115,"commentCount":0,"inLanguage":"it-IT","potentialAction":[{"@type":"CommentAction","name":"Comment","target":["https:\/\/www.nutrizione-prevenzione.it\/fb\/2025\/01\/02\/il-gene-fto\/#respond"]}]},{"@type":"WebPage","@id":"https:\/\/www.nutrizione-prevenzione.it\/fb\/2025\/01\/02\/il-gene-fto\/","url":"https:\/\/www.nutrizione-prevenzione.it\/fb\/2025\/01\/02\/il-gene-fto\/","name":"Il gene FTO - Studio di Dietetica e Nutrizione","isPartOf":{"@id":"https:\/\/www.nutrizione-prevenzione.it\/fb\/#website"},"datePublished":"2025-01-02T15:27:13+00:00","dateModified":"2025-01-02T15:27:21+00:00","author":{"@id":"https:\/\/www.nutrizione-prevenzione.it\/fb\/#\/schema\/person\/1979796b9bde4351ffd9a8118fef1d6d"},"breadcrumb":{"@id":"https:\/\/www.nutrizione-prevenzione.it\/fb\/2025\/01\/02\/il-gene-fto\/#breadcrumb"},"inLanguage":"it-IT","potentialAction":[{"@type":"ReadAction","target":["https:\/\/www.nutrizione-prevenzione.it\/fb\/2025\/01\/02\/il-gene-fto\/"]}]},{"@type":"BreadcrumbList","@id":"https:\/\/www.nutrizione-prevenzione.it\/fb\/2025\/01\/02\/il-gene-fto\/#breadcrumb","itemListElement":[{"@type":"ListItem","position":1,"name":"Home","item":"https:\/\/www.nutrizione-prevenzione.it\/fb\/"},{"@type":"ListItem","position":2,"name":"Il gene FTO"}]},{"@type":"WebSite","@id":"https:\/\/www.nutrizione-prevenzione.it\/fb\/#website","url":"https:\/\/www.nutrizione-prevenzione.it\/fb\/","name":"Studio di Dietetica e Nutrizione","description":"(il segreto per costruire insieme la salute)","potentialAction":[{"@type":"SearchAction","target":{"@type":"EntryPoint","urlTemplate":"https:\/\/www.nutrizione-prevenzione.it\/fb\/?s={search_term_string}"},"query-input":{"@type":"PropertyValueSpecification","valueRequired":true,"valueName":"search_term_string"}}],"inLanguage":"it-IT"},{"@type":"Person","@id":"https:\/\/www.nutrizione-prevenzione.it\/fb\/#\/schema\/person\/1979796b9bde4351ffd9a8118fef1d6d","name":"Franco Dott. Bardini","image":{"@type":"ImageObject","inLanguage":"it-IT","@id":"https:\/\/secure.gravatar.com\/avatar\/34a1192208599d36c7d7d714ea08b007aa1ac6a6936cc23420fdbf0f40f18491?s=96&d=mm&r=g","url":"https:\/\/secure.gravatar.com\/avatar\/34a1192208599d36c7d7d714ea08b007aa1ac6a6936cc23420fdbf0f40f18491?s=96&d=mm&r=g","contentUrl":"https:\/\/secure.gravatar.com\/avatar\/34a1192208599d36c7d7d714ea08b007aa1ac6a6936cc23420fdbf0f40f18491?s=96&d=mm&r=g","caption":"Franco Dott. Bardini"},"url":"https:\/\/www.nutrizione-prevenzione.it\/fb\/author\/franco-dott-bardini\/"}]}},"_links":{"self":[{"href":"https:\/\/www.nutrizione-prevenzione.it\/fb\/wp-json\/wp\/v2\/posts\/680","targetHints":{"allow":["GET"]}}],"collection":[{"href":"https:\/\/www.nutrizione-prevenzione.it\/fb\/wp-json\/wp\/v2\/posts"}],"about":[{"href":"https:\/\/www.nutrizione-prevenzione.it\/fb\/wp-json\/wp\/v2\/types\/post"}],"author":[{"embeddable":true,"href":"https:\/\/www.nutrizione-prevenzione.it\/fb\/wp-json\/wp\/v2\/users\/1"}],"replies":[{"embeddable":true,"href":"https:\/\/www.nutrizione-prevenzione.it\/fb\/wp-json\/wp\/v2\/comments?post=680"}],"version-history":[{"count":1,"href":"https:\/\/www.nutrizione-prevenzione.it\/fb\/wp-json\/wp\/v2\/posts\/680\/revisions"}],"predecessor-version":[{"id":681,"href":"https:\/\/www.nutrizione-prevenzione.it\/fb\/wp-json\/wp\/v2\/posts\/680\/revisions\/681"}],"wp:attachment":[{"href":"https:\/\/www.nutrizione-prevenzione.it\/fb\/wp-json\/wp\/v2\/media?parent=680"}],"wp:term":[{"taxonomy":"category","embeddable":true,"href":"https:\/\/www.nutrizione-prevenzione.it\/fb\/wp-json\/wp\/v2\/categories?post=680"},{"taxonomy":"post_tag","embeddable":true,"href":"https:\/\/www.nutrizione-prevenzione.it\/fb\/wp-json\/wp\/v2\/tags?post=680"}],"curies":[{"name":"wp","href":"https:\/\/api.w.org\/{rel}","templated":true}]}}