{"id":293,"date":"2020-08-17T19:15:46","date_gmt":"2020-08-17T17:15:46","guid":{"rendered":"http:\/\/www.nutrizione-prevenzione.it\/fb\/?p=293"},"modified":"2020-08-17T19:15:48","modified_gmt":"2020-08-17T17:15:48","slug":"mangi-piu-di-me-ma-io-ingrasso-e-te-no-perche","status":"publish","type":"post","link":"https:\/\/www.nutrizione-prevenzione.it\/fb\/2020\/08\/17\/mangi-piu-di-me-ma-io-ingrasso-e-te-no-perche\/","title":{"rendered":"Mangi pi\u00f9 di me ma io ingrasso e te no: perch\u00e8?"},"content":{"rendered":"\n<p>Mangi pi\u00f9 di me ma io ingrasso e te no: perch\u00e8? La risposta \u00e8 nel profilo metabolicoUna ricerca del National Institute of Health e dell&#8217;Universit\u00e0 di Pisa ha dimostrato che non esiste una dieta adatta a tutti ma \u00e8 necessaria una DIETA PERSONALIZZATA IN BASE AL PROFILO METABOLICO di ciascuno di noi \u00e8 questo il motivo per cui due persone possono non reagire alla stessa maniera dopo aver consumato il medesimo pasto. Lo studio conferma che vi sono soggetti pi\u00f9 propensi a ossidare i grassi ed altri pi\u00f9 inclini a fare lo stesso con i carboidrati. Questi ultimi guadagnano pi\u00f9 peso nel tempo perch\u00e8 non consumano tutti i grassi ingeriti con la dieta ma li immagazzinano nel corpo come tessuto adiposo. Il parametro \u00e8 condizionato dalla GENETICA, dagli ormoni, dalla dieta e dallo stile di vita. Sapere se rientriamo in una tipologia o nell&#8217;altra pu\u00f2 aiutarci a scoprire se siamo pi\u00f9 o meno a rischio di guadagnare peso.Presso l&#8217;AMBULATORIO DI NUTRIZIONE E NUTRIGENETICA \u00e8 possibile effettuare il test genetico di predisposizione sul metabolismo ed elaborare piani alimentari altamente personalizzati.Contattami al 3478724688 oppure scrivi una mail a nutrizionistafrancobardini@gmail.com<\/p>\n","protected":false},"excerpt":{"rendered":"<p>Mangi pi\u00f9 di me ma io ingrasso e te no: perch\u00e8? La risposta \u00e8 nel profilo metabolicoUna ricerca del National Institute of Health e dell&#8217;Universit\u00e0 di Pisa ha dimostrato che non esiste una dieta adatta a tutti ma \u00e8 necessaria una DIETA PERSONALIZZATA IN BASE AL PROFILO METABOLICO di ciascuno di noi \u00e8 questo il&hellip; <a class=\"more-link\" href=\"https:\/\/www.nutrizione-prevenzione.it\/fb\/2020\/08\/17\/mangi-piu-di-me-ma-io-ingrasso-e-te-no-perche\/\">Continua a leggere <span class=\"screen-reader-text\">Mangi pi\u00f9 di me ma io ingrasso e te no: perch\u00e8?<\/span><\/a><\/p>\n","protected":false},"author":1,"featured_media":0,"comment_status":"open","ping_status":"open","sticky":false,"template":"","format":"standard","meta":{"footnotes":""},"categories":[1],"tags":[],"class_list":["post-293","post","type-post","status-publish","format-standard","hentry","category-senza-categoria","entry"],"yoast_head":"<!-- This site is optimized with the Yoast SEO plugin v27.4 - https:\/\/yoast.com\/product\/yoast-seo-wordpress\/ -->\n<title>Mangi pi\u00f9 di me ma io ingrasso e te no: perch\u00e8? - Studio di Dietetica e Nutrizione<\/title>\n<meta name=\"robots\" content=\"index, follow, max-snippet:-1, max-image-preview:large, max-video-preview:-1\" \/>\n<link rel=\"canonical\" href=\"https:\/\/www.nutrizione-prevenzione.it\/fb\/2020\/08\/17\/mangi-piu-di-me-ma-io-ingrasso-e-te-no-perche\/\" \/>\n<meta property=\"og:locale\" content=\"it_IT\" \/>\n<meta property=\"og:type\" content=\"article\" \/>\n<meta property=\"og:title\" content=\"Mangi pi\u00f9 di me ma io ingrasso e te no: perch\u00e8? - Studio di Dietetica e Nutrizione\" \/>\n<meta property=\"og:description\" content=\"Mangi pi\u00f9 di me ma io ingrasso e te no: perch\u00e8? La risposta \u00e8 nel profilo metabolicoUna ricerca del National Institute of Health e dell&#8217;Universit\u00e0 di Pisa ha dimostrato che non esiste una dieta adatta a tutti ma \u00e8 necessaria una DIETA PERSONALIZZATA IN BASE AL PROFILO METABOLICO di ciascuno di noi \u00e8 questo il&hellip; Continua a leggere Mangi pi\u00f9 di me ma io ingrasso e te no: perch\u00e8?\" \/>\n<meta property=\"og:url\" content=\"https:\/\/www.nutrizione-prevenzione.it\/fb\/2020\/08\/17\/mangi-piu-di-me-ma-io-ingrasso-e-te-no-perche\/\" \/>\n<meta property=\"og:site_name\" content=\"Studio di Dietetica e Nutrizione\" \/>\n<meta property=\"article:publisher\" content=\"https:\/\/www.facebook.com\/nutrizionistalucca\" \/>\n<meta property=\"article:published_time\" content=\"2020-08-17T17:15:46+00:00\" \/>\n<meta property=\"article:modified_time\" content=\"2020-08-17T17:15:48+00:00\" \/>\n<meta name=\"author\" content=\"Franco Dott. Bardini\" \/>\n<meta name=\"twitter:card\" content=\"summary_large_image\" \/>\n<meta name=\"twitter:label1\" content=\"Scritto da\" \/>\n\t<meta name=\"twitter:data1\" content=\"Franco Dott. Bardini\" \/>\n\t<meta name=\"twitter:label2\" content=\"Tempo di lettura stimato\" \/>\n\t<meta name=\"twitter:data2\" content=\"1 minuto\" \/>\n<script type=\"application\/ld+json\" class=\"yoast-schema-graph\">{\"@context\":\"https:\\\/\\\/schema.org\",\"@graph\":[{\"@type\":\"Article\",\"@id\":\"https:\\\/\\\/www.nutrizione-prevenzione.it\\\/fb\\\/2020\\\/08\\\/17\\\/mangi-piu-di-me-ma-io-ingrasso-e-te-no-perche\\\/#article\",\"isPartOf\":{\"@id\":\"https:\\\/\\\/www.nutrizione-prevenzione.it\\\/fb\\\/2020\\\/08\\\/17\\\/mangi-piu-di-me-ma-io-ingrasso-e-te-no-perche\\\/\"},\"author\":{\"name\":\"Franco Dott. Bardini\",\"@id\":\"https:\\\/\\\/www.nutrizione-prevenzione.it\\\/fb\\\/#\\\/schema\\\/person\\\/1979796b9bde4351ffd9a8118fef1d6d\"},\"headline\":\"Mangi pi\u00f9 di me ma io ingrasso e te no: perch\u00e8?\",\"datePublished\":\"2020-08-17T17:15:46+00:00\",\"dateModified\":\"2020-08-17T17:15:48+00:00\",\"mainEntityOfPage\":{\"@id\":\"https:\\\/\\\/www.nutrizione-prevenzione.it\\\/fb\\\/2020\\\/08\\\/17\\\/mangi-piu-di-me-ma-io-ingrasso-e-te-no-perche\\\/\"},\"wordCount\":199,\"commentCount\":0,\"inLanguage\":\"it-IT\",\"potentialAction\":[{\"@type\":\"CommentAction\",\"name\":\"Comment\",\"target\":[\"https:\\\/\\\/www.nutrizione-prevenzione.it\\\/fb\\\/2020\\\/08\\\/17\\\/mangi-piu-di-me-ma-io-ingrasso-e-te-no-perche\\\/#respond\"]}]},{\"@type\":\"WebPage\",\"@id\":\"https:\\\/\\\/www.nutrizione-prevenzione.it\\\/fb\\\/2020\\\/08\\\/17\\\/mangi-piu-di-me-ma-io-ingrasso-e-te-no-perche\\\/\",\"url\":\"https:\\\/\\\/www.nutrizione-prevenzione.it\\\/fb\\\/2020\\\/08\\\/17\\\/mangi-piu-di-me-ma-io-ingrasso-e-te-no-perche\\\/\",\"name\":\"Mangi pi\u00f9 di me ma io ingrasso e te no: perch\u00e8? - Studio di Dietetica e Nutrizione\",\"isPartOf\":{\"@id\":\"https:\\\/\\\/www.nutrizione-prevenzione.it\\\/fb\\\/#website\"},\"datePublished\":\"2020-08-17T17:15:46+00:00\",\"dateModified\":\"2020-08-17T17:15:48+00:00\",\"author\":{\"@id\":\"https:\\\/\\\/www.nutrizione-prevenzione.it\\\/fb\\\/#\\\/schema\\\/person\\\/1979796b9bde4351ffd9a8118fef1d6d\"},\"breadcrumb\":{\"@id\":\"https:\\\/\\\/www.nutrizione-prevenzione.it\\\/fb\\\/2020\\\/08\\\/17\\\/mangi-piu-di-me-ma-io-ingrasso-e-te-no-perche\\\/#breadcrumb\"},\"inLanguage\":\"it-IT\",\"potentialAction\":[{\"@type\":\"ReadAction\",\"target\":[\"https:\\\/\\\/www.nutrizione-prevenzione.it\\\/fb\\\/2020\\\/08\\\/17\\\/mangi-piu-di-me-ma-io-ingrasso-e-te-no-perche\\\/\"]}]},{\"@type\":\"BreadcrumbList\",\"@id\":\"https:\\\/\\\/www.nutrizione-prevenzione.it\\\/fb\\\/2020\\\/08\\\/17\\\/mangi-piu-di-me-ma-io-ingrasso-e-te-no-perche\\\/#breadcrumb\",\"itemListElement\":[{\"@type\":\"ListItem\",\"position\":1,\"name\":\"Home\",\"item\":\"https:\\\/\\\/www.nutrizione-prevenzione.it\\\/fb\\\/\"},{\"@type\":\"ListItem\",\"position\":2,\"name\":\"Mangi pi\u00f9 di me ma io ingrasso e te no: perch\u00e8?\"}]},{\"@type\":\"WebSite\",\"@id\":\"https:\\\/\\\/www.nutrizione-prevenzione.it\\\/fb\\\/#website\",\"url\":\"https:\\\/\\\/www.nutrizione-prevenzione.it\\\/fb\\\/\",\"name\":\"Studio di Dietetica e Nutrizione\",\"description\":\"(il segreto per costruire insieme la salute)\",\"potentialAction\":[{\"@type\":\"SearchAction\",\"target\":{\"@type\":\"EntryPoint\",\"urlTemplate\":\"https:\\\/\\\/www.nutrizione-prevenzione.it\\\/fb\\\/?s={search_term_string}\"},\"query-input\":{\"@type\":\"PropertyValueSpecification\",\"valueRequired\":true,\"valueName\":\"search_term_string\"}}],\"inLanguage\":\"it-IT\"},{\"@type\":\"Person\",\"@id\":\"https:\\\/\\\/www.nutrizione-prevenzione.it\\\/fb\\\/#\\\/schema\\\/person\\\/1979796b9bde4351ffd9a8118fef1d6d\",\"name\":\"Franco Dott. Bardini\",\"image\":{\"@type\":\"ImageObject\",\"inLanguage\":\"it-IT\",\"@id\":\"https:\\\/\\\/secure.gravatar.com\\\/avatar\\\/34a1192208599d36c7d7d714ea08b007aa1ac6a6936cc23420fdbf0f40f18491?s=96&d=mm&r=g\",\"url\":\"https:\\\/\\\/secure.gravatar.com\\\/avatar\\\/34a1192208599d36c7d7d714ea08b007aa1ac6a6936cc23420fdbf0f40f18491?s=96&d=mm&r=g\",\"contentUrl\":\"https:\\\/\\\/secure.gravatar.com\\\/avatar\\\/34a1192208599d36c7d7d714ea08b007aa1ac6a6936cc23420fdbf0f40f18491?s=96&d=mm&r=g\",\"caption\":\"Franco Dott. Bardini\"},\"url\":\"https:\\\/\\\/www.nutrizione-prevenzione.it\\\/fb\\\/author\\\/franco-dott-bardini\\\/\"}]}<\/script>\n<!-- \/ Yoast SEO plugin. -->","yoast_head_json":{"title":"Mangi pi\u00f9 di me ma io ingrasso e te no: perch\u00e8? - Studio di Dietetica e Nutrizione","robots":{"index":"index","follow":"follow","max-snippet":"max-snippet:-1","max-image-preview":"max-image-preview:large","max-video-preview":"max-video-preview:-1"},"canonical":"https:\/\/www.nutrizione-prevenzione.it\/fb\/2020\/08\/17\/mangi-piu-di-me-ma-io-ingrasso-e-te-no-perche\/","og_locale":"it_IT","og_type":"article","og_title":"Mangi pi\u00f9 di me ma io ingrasso e te no: perch\u00e8? - Studio di Dietetica e Nutrizione","og_description":"Mangi pi\u00f9 di me ma io ingrasso e te no: perch\u00e8? La risposta \u00e8 nel profilo metabolicoUna ricerca del National Institute of Health e dell&#8217;Universit\u00e0 di Pisa ha dimostrato che non esiste una dieta adatta a tutti ma \u00e8 necessaria una DIETA PERSONALIZZATA IN BASE AL PROFILO METABOLICO di ciascuno di noi \u00e8 questo il&hellip; Continua a leggere Mangi pi\u00f9 di me ma io ingrasso e te no: perch\u00e8?","og_url":"https:\/\/www.nutrizione-prevenzione.it\/fb\/2020\/08\/17\/mangi-piu-di-me-ma-io-ingrasso-e-te-no-perche\/","og_site_name":"Studio di Dietetica e Nutrizione","article_publisher":"https:\/\/www.facebook.com\/nutrizionistalucca","article_published_time":"2020-08-17T17:15:46+00:00","article_modified_time":"2020-08-17T17:15:48+00:00","author":"Franco Dott. Bardini","twitter_card":"summary_large_image","twitter_misc":{"Scritto da":"Franco Dott. Bardini","Tempo di lettura stimato":"1 minuto"},"schema":{"@context":"https:\/\/schema.org","@graph":[{"@type":"Article","@id":"https:\/\/www.nutrizione-prevenzione.it\/fb\/2020\/08\/17\/mangi-piu-di-me-ma-io-ingrasso-e-te-no-perche\/#article","isPartOf":{"@id":"https:\/\/www.nutrizione-prevenzione.it\/fb\/2020\/08\/17\/mangi-piu-di-me-ma-io-ingrasso-e-te-no-perche\/"},"author":{"name":"Franco Dott. Bardini","@id":"https:\/\/www.nutrizione-prevenzione.it\/fb\/#\/schema\/person\/1979796b9bde4351ffd9a8118fef1d6d"},"headline":"Mangi pi\u00f9 di me ma io ingrasso e te no: perch\u00e8?","datePublished":"2020-08-17T17:15:46+00:00","dateModified":"2020-08-17T17:15:48+00:00","mainEntityOfPage":{"@id":"https:\/\/www.nutrizione-prevenzione.it\/fb\/2020\/08\/17\/mangi-piu-di-me-ma-io-ingrasso-e-te-no-perche\/"},"wordCount":199,"commentCount":0,"inLanguage":"it-IT","potentialAction":[{"@type":"CommentAction","name":"Comment","target":["https:\/\/www.nutrizione-prevenzione.it\/fb\/2020\/08\/17\/mangi-piu-di-me-ma-io-ingrasso-e-te-no-perche\/#respond"]}]},{"@type":"WebPage","@id":"https:\/\/www.nutrizione-prevenzione.it\/fb\/2020\/08\/17\/mangi-piu-di-me-ma-io-ingrasso-e-te-no-perche\/","url":"https:\/\/www.nutrizione-prevenzione.it\/fb\/2020\/08\/17\/mangi-piu-di-me-ma-io-ingrasso-e-te-no-perche\/","name":"Mangi pi\u00f9 di me ma io ingrasso e te no: perch\u00e8? - Studio di Dietetica e Nutrizione","isPartOf":{"@id":"https:\/\/www.nutrizione-prevenzione.it\/fb\/#website"},"datePublished":"2020-08-17T17:15:46+00:00","dateModified":"2020-08-17T17:15:48+00:00","author":{"@id":"https:\/\/www.nutrizione-prevenzione.it\/fb\/#\/schema\/person\/1979796b9bde4351ffd9a8118fef1d6d"},"breadcrumb":{"@id":"https:\/\/www.nutrizione-prevenzione.it\/fb\/2020\/08\/17\/mangi-piu-di-me-ma-io-ingrasso-e-te-no-perche\/#breadcrumb"},"inLanguage":"it-IT","potentialAction":[{"@type":"ReadAction","target":["https:\/\/www.nutrizione-prevenzione.it\/fb\/2020\/08\/17\/mangi-piu-di-me-ma-io-ingrasso-e-te-no-perche\/"]}]},{"@type":"BreadcrumbList","@id":"https:\/\/www.nutrizione-prevenzione.it\/fb\/2020\/08\/17\/mangi-piu-di-me-ma-io-ingrasso-e-te-no-perche\/#breadcrumb","itemListElement":[{"@type":"ListItem","position":1,"name":"Home","item":"https:\/\/www.nutrizione-prevenzione.it\/fb\/"},{"@type":"ListItem","position":2,"name":"Mangi pi\u00f9 di me ma io ingrasso e te no: perch\u00e8?"}]},{"@type":"WebSite","@id":"https:\/\/www.nutrizione-prevenzione.it\/fb\/#website","url":"https:\/\/www.nutrizione-prevenzione.it\/fb\/","name":"Studio di Dietetica e Nutrizione","description":"(il segreto per costruire insieme la salute)","potentialAction":[{"@type":"SearchAction","target":{"@type":"EntryPoint","urlTemplate":"https:\/\/www.nutrizione-prevenzione.it\/fb\/?s={search_term_string}"},"query-input":{"@type":"PropertyValueSpecification","valueRequired":true,"valueName":"search_term_string"}}],"inLanguage":"it-IT"},{"@type":"Person","@id":"https:\/\/www.nutrizione-prevenzione.it\/fb\/#\/schema\/person\/1979796b9bde4351ffd9a8118fef1d6d","name":"Franco Dott. Bardini","image":{"@type":"ImageObject","inLanguage":"it-IT","@id":"https:\/\/secure.gravatar.com\/avatar\/34a1192208599d36c7d7d714ea08b007aa1ac6a6936cc23420fdbf0f40f18491?s=96&d=mm&r=g","url":"https:\/\/secure.gravatar.com\/avatar\/34a1192208599d36c7d7d714ea08b007aa1ac6a6936cc23420fdbf0f40f18491?s=96&d=mm&r=g","contentUrl":"https:\/\/secure.gravatar.com\/avatar\/34a1192208599d36c7d7d714ea08b007aa1ac6a6936cc23420fdbf0f40f18491?s=96&d=mm&r=g","caption":"Franco Dott. Bardini"},"url":"https:\/\/www.nutrizione-prevenzione.it\/fb\/author\/franco-dott-bardini\/"}]}},"_links":{"self":[{"href":"https:\/\/www.nutrizione-prevenzione.it\/fb\/wp-json\/wp\/v2\/posts\/293","targetHints":{"allow":["GET"]}}],"collection":[{"href":"https:\/\/www.nutrizione-prevenzione.it\/fb\/wp-json\/wp\/v2\/posts"}],"about":[{"href":"https:\/\/www.nutrizione-prevenzione.it\/fb\/wp-json\/wp\/v2\/types\/post"}],"author":[{"embeddable":true,"href":"https:\/\/www.nutrizione-prevenzione.it\/fb\/wp-json\/wp\/v2\/users\/1"}],"replies":[{"embeddable":true,"href":"https:\/\/www.nutrizione-prevenzione.it\/fb\/wp-json\/wp\/v2\/comments?post=293"}],"version-history":[{"count":1,"href":"https:\/\/www.nutrizione-prevenzione.it\/fb\/wp-json\/wp\/v2\/posts\/293\/revisions"}],"predecessor-version":[{"id":294,"href":"https:\/\/www.nutrizione-prevenzione.it\/fb\/wp-json\/wp\/v2\/posts\/293\/revisions\/294"}],"wp:attachment":[{"href":"https:\/\/www.nutrizione-prevenzione.it\/fb\/wp-json\/wp\/v2\/media?parent=293"}],"wp:term":[{"taxonomy":"category","embeddable":true,"href":"https:\/\/www.nutrizione-prevenzione.it\/fb\/wp-json\/wp\/v2\/categories?post=293"},{"taxonomy":"post_tag","embeddable":true,"href":"https:\/\/www.nutrizione-prevenzione.it\/fb\/wp-json\/wp\/v2\/tags?post=293"}],"curies":[{"name":"wp","href":"https:\/\/api.w.org\/{rel}","templated":true}]}}